{"id":2000,"date":"2021-04-28T06:59:57","date_gmt":"2021-04-28T06:59:57","guid":{"rendered":"http:\/\/udruga-poduzetni.hr\/?p=2000"},"modified":"2021-04-28T06:59:58","modified_gmt":"2021-04-28T06:59:58","slug":"pocele-pripremne-aktivnosti-za-projekt-tesla-i-mi-u-djecjem-vrticu-zvoncic-u-ozlju","status":"publish","type":"post","link":"http:\/\/udruga-poduzetni.hr\/en\/pocele-pripremne-aktivnosti-za-projekt-tesla-i-mi-u-djecjem-vrticu-zvoncic-u-ozlju\/","title":{"rendered":"PO\u010cELE PRIPREMNE AKTIVNOSTI ZA PROJEKT &#8220;TESLA I MI&#8221; U DJE\u010cJEM VRTI\u0106U ZVON\u010cI\u0106 U OZLJU"},"content":{"rendered":"<p>U srijedu 14. 4. 2021. odgojiteljica Golik zapo\u010dela je razgovor s djecom o elektricitetu te su zajedno napravili dva pokusa: kod prvog su trljali balon vunenom kapom te zatim pribli\u017eili kosi gdje je stati\u010dki elektricitet podizao kosu u zrak. U drugom pokusu su isti balon pustili u zrak te je on ostao &#8220;pri\u010dvr\u0161\u0107en&#8221; za strop s obzirom da su razli\u010ditih naboja. Pokusi su djeci bili vrlo zanimljivi te su ih svi htjeli isprobati.<\/p>\n\n\n\n<p>U petak 16. 4. pri\u010dalo se s djecom o elektri\u010dnoj energiji i izvedena su tri pokusa: s balonom, papirnatim \u017eabicama i \u0161alom; drugi pokus sa \u010de\u0161ljem, kapom, soli i paprom te tre\u0107i pokus s balonom, \u0161alom i paprom. Razgovarali su o tome kako je struja uvedena u \u0161iru upotrebu i kratko spomenuli Nikolu Teslu.&nbsp;<\/p>\n\n\n\n<p>U utorak 20. 4. ponavljali su pojmove koje su usvojili: elektricitet, naboj, upotreba elektri\u010dne energije, prirodni izvori elektri\u010dne energije. Nakon toga odgojiteljica Golik pro\u010ditala je pri\u010du &#8220;20 iznimnih dje\u010daka koji su promijenili svijet&#8221; (Olivieri, Troiano) te su imali likovnu aktivnost &#8220;Nikola Tesla&#8221; (drvene bojice, flomasteri).&nbsp;<\/p>","protected":false},"excerpt":{"rendered":"<p>U srijedu 14. 4. 2021. odgojiteljica Golik zapo\u010dela je razgovor s djecom o elektricitetu te su zajedno napravili dva pokusa: kod prvog su trljali balon vunenom kapom te zatim pribli\u017eili kosi gdje je stati\u010dki elektricitet podizao kosu u zrak. U drugom pokusu su isti balon pustili u zrak te je on ostao &#8220;pri\u010dvr\u0161\u0107en&#8221; za strop [&hellip;]<\/p>","protected":false},"author":5,"featured_media":2001,"comment_status":"open","ping_status":"open","sticky":false,"template":"","format":"standard","meta":{"site-sidebar-layout":"default","site-content-layout":"default","ast-site-content-layout":"default","site-content-style":"default","site-sidebar-style":"default","ast-global-header-display":"","ast-banner-title-visibility":"","ast-main-header-display":"","ast-hfb-above-header-display":"","ast-hfb-below-header-display":"","ast-hfb-mobile-header-display":"","site-post-title":"","ast-breadcrumbs-content":"","ast-featured-img":"","footer-sml-layout":"","theme-transparent-header-meta":"default","adv-header-id-meta":"","stick-header-meta":"","header-above-stick-meta":"","header-main-stick-meta":"","header-below-stick-meta":"","astra-migrate-meta-layouts":"default","ast-page-background-enabled":"default","ast-page-background-meta":{"desktop":{"background-color":"","background-image":"","background-repeat":"repeat","background-position":"center center","background-size":"auto","background-attachment":"scroll","background-type":"","background-media":"","overlay-type":"","overlay-color":"","overlay-opacity":"","overlay-gradient":""},"tablet":{"background-color":"","background-image":"","background-repeat":"repeat","background-position":"center center","background-size":"auto","background-attachment":"scroll","background-type":"","background-media":"","overlay-type":"","overlay-color":"","overlay-opacity":"","overlay-gradient":""},"mobile":{"background-color":"","background-image":"","background-repeat":"repeat","background-position":"center center","background-size":"auto","background-attachment":"scroll","background-type":"","background-media":"","overlay-type":"","overlay-color":"","overlay-opacity":"","overlay-gradient":""}},"ast-content-background-meta":{"desktop":{"background-color":"var(--ast-global-color-5)","background-image":"","background-repeat":"repeat","background-position":"center center","background-size":"auto","background-attachment":"scroll","background-type":"","background-media":"","overlay-type":"","overlay-color":"","overlay-opacity":"","overlay-gradient":""},"tablet":{"background-color":"var(--ast-global-color-5)","background-image":"","background-repeat":"repeat","background-position":"center center","background-size":"auto","background-attachment":"scroll","background-type":"","background-media":"","overlay-type":"","overlay-color":"","overlay-opacity":"","overlay-gradient":""},"mobile":{"background-color":"var(--ast-global-color-5)","background-image":"","background-repeat":"repeat","background-position":"center center","background-size":"auto","background-attachment":"scroll","background-type":"","background-media":"","overlay-type":"","overlay-color":"","overlay-opacity":"","overlay-gradient":""}},"footnotes":""},"categories":[11],"tags":[],"class_list":["post-2000","post","type-post","status-publish","format-standard","has-post-thumbnail","hentry","category-tesla-i-mi"],"_links":{"self":[{"href":"http:\/\/udruga-poduzetni.hr\/en\/wp-json\/wp\/v2\/posts\/2000","targetHints":{"allow":["GET"]}}],"collection":[{"href":"http:\/\/udruga-poduzetni.hr\/en\/wp-json\/wp\/v2\/posts"}],"about":[{"href":"http:\/\/udruga-poduzetni.hr\/en\/wp-json\/wp\/v2\/types\/post"}],"author":[{"embeddable":true,"href":"http:\/\/udruga-poduzetni.hr\/en\/wp-json\/wp\/v2\/users\/5"}],"replies":[{"embeddable":true,"href":"http:\/\/udruga-poduzetni.hr\/en\/wp-json\/wp\/v2\/comments?post=2000"}],"version-history":[{"count":1,"href":"http:\/\/udruga-poduzetni.hr\/en\/wp-json\/wp\/v2\/posts\/2000\/revisions"}],"predecessor-version":[{"id":2002,"href":"http:\/\/udruga-poduzetni.hr\/en\/wp-json\/wp\/v2\/posts\/2000\/revisions\/2002"}],"wp:featuredmedia":[{"embeddable":true,"href":"http:\/\/udruga-poduzetni.hr\/en\/wp-json\/wp\/v2\/media\/2001"}],"wp:attachment":[{"href":"http:\/\/udruga-poduzetni.hr\/en\/wp-json\/wp\/v2\/media?parent=2000"}],"wp:term":[{"taxonomy":"category","embeddable":true,"href":"http:\/\/udruga-poduzetni.hr\/en\/wp-json\/wp\/v2\/categories?post=2000"},{"taxonomy":"post_tag","embeddable":true,"href":"http:\/\/udruga-poduzetni.hr\/en\/wp-json\/wp\/v2\/tags?post=2000"}],"curies":[{"name":"wp","href":"https:\/\/api.w.org\/{rel}","templated":true}]}}