{"id":1143,"date":"2020-11-29T15:36:20","date_gmt":"2020-11-29T15:36:20","guid":{"rendered":"http:\/\/udruga-poduzetni.ebus.hr\/?p=1143"},"modified":"2020-11-29T15:36:47","modified_gmt":"2020-11-29T15:36:47","slug":"pocetak-novog-medunarodnog-projekta-odrzano-svecano-potpisivanje-sporazuma-2","status":"publish","type":"post","link":"http:\/\/udruga-poduzetni.hr\/en\/pocetak-novog-medunarodnog-projekta-odrzano-svecano-potpisivanje-sporazuma-2\/","title":{"rendered":"PO\u010cETAK NOVOG ME\u0110UNARODNOG PROJEKTA: ODR\u017dANO SVE\u010cANO POTPISIVANJE SPORAZUMA"},"content":{"rendered":"<p>S ciljem promoviranja ostav\u0161tine Nikole Tesle te uvo\u0111enje inovacija u obrazovni proces ju\u010der je u Tehni\u010dkom muzeju Nikola Tesla potpisan sporazum kojim zapo\u010dinje me\u0111unarodni obrazovni projekt na ostav\u0161tini Nikole Tesle. Inicijatori projekta, Grad Gospi\u0107 i Udruga Poduzetni, organiziraju ljetni Me\u0111unarodni kamp za mlade s tehni\u010dkom i poduzetni\u010dkom idejom za kolovoz 2021. godine pod nazivom \u201eTesla i mi \u2013 TIM\u201c\/\u201cTesla and Us \u2013 TAU\u201c. Me\u0111unarodni kamp namijenjen je prvenstveno djeci, u\u010denicima osnovnih i srednjih \u0161kola te studentima koji \u017eele unaprijediti svoja znanja i vje\u0161tine iz STEAM podru\u010dja i poduzetni\u0161tva.<\/p>\n\n\n\n<p>U projekt su se ve\u0107 uklju\u010dili i obrazovni partneri: Tehni\u010dko veleu\u010dili\u0161te u Zagrebu, Europska poslovna \u0161kola Zagreb, Institut za obrazovanje za poduzetni\u0161tvo, 1. tehni\u010dka \u0161kola Nikola Tesla i Privatna gimnazija i ekonomska \u0161kola Katarina Zrinski. Prvi korak u pokretanju projekta je potpisivanje samog sporazuma s obrazovnim partnerima te okupljanje pokrovitelja projekta koji je zaklju\u010den danas upravo simboli\u010dno u Tehni\u010dkom muzeju Nikola Tesla.<\/p>\n\n\n\n<p>Pod sloganom \u201eTesline inovacije \u2013 svjetske inspiracije\u201d obrazovni partneri su potpisali sporazum koji zapo\u010dinje odgojna, obrazovna, stru\u010dna, tehni\u010dka i znanstveno-istra\u017eiva\u010dka suradnja na realizaciji projekta. Cijenjenim uzvanicima i predstavnicima medija, uz pridr\u017eavanje svih epidemiolo\u0161kih mjera, obratili su se inicijatori projekta iz Udruge poduzetni te grada Gospi\u0107a, kao i predstavnici obrazovnih partnera projekta.<\/p>","protected":false},"excerpt":{"rendered":"<p>S ciljem promoviranja ostav\u0161tine Nikole Tesle te uvo\u0111enje inovacija u obrazovni proces ju\u010der je u Tehni\u010dkom muzeju Nikola Tesla potpisan sporazum kojim zapo\u010dinje me\u0111unarodni obrazovni projekt na ostav\u0161tini Nikole Tesle. Inicijatori projekta, Grad Gospi\u0107 i Udruga Poduzetni, organiziraju ljetni Me\u0111unarodni kamp za mlade s tehni\u010dkom i poduzetni\u010dkom idejom za kolovoz 2021. godine pod nazivom \u201eTesla [&hellip;]<\/p>","protected":false},"author":5,"featured_media":1145,"comment_status":"open","ping_status":"open","sticky":false,"template":"","format":"standard","meta":{"site-sidebar-layout":"default","site-content-layout":"default","ast-site-content-layout":"default","site-content-style":"default","site-sidebar-style":"default","ast-global-header-display":"","ast-banner-title-visibility":"","ast-main-header-display":"","ast-hfb-above-header-display":"","ast-hfb-below-header-display":"","ast-hfb-mobile-header-display":"","site-post-title":"","ast-breadcrumbs-content":"","ast-featured-img":"","footer-sml-layout":"","theme-transparent-header-meta":"default","adv-header-id-meta":"","stick-header-meta":"","header-above-stick-meta":"","header-main-stick-meta":"","header-below-stick-meta":"","astra-migrate-meta-layouts":"default","ast-page-background-enabled":"default","ast-page-background-meta":{"desktop":{"background-color":"","background-image":"","background-repeat":"repeat","background-position":"center center","background-size":"auto","background-attachment":"scroll","background-type":"","background-media":"","overlay-type":"","overlay-color":"","overlay-opacity":"","overlay-gradient":""},"tablet":{"background-color":"","background-image":"","background-repeat":"repeat","background-position":"center center","background-size":"auto","background-attachment":"scroll","background-type":"","background-media":"","overlay-type":"","overlay-color":"","overlay-opacity":"","overlay-gradient":""},"mobile":{"background-color":"","background-image":"","background-repeat":"repeat","background-position":"center center","background-size":"auto","background-attachment":"scroll","background-type":"","background-media":"","overlay-type":"","overlay-color":"","overlay-opacity":"","overlay-gradient":""}},"ast-content-background-meta":{"desktop":{"background-color":"var(--ast-global-color-5)","background-image":"","background-repeat":"repeat","background-position":"center center","background-size":"auto","background-attachment":"scroll","background-type":"","background-media":"","overlay-type":"","overlay-color":"","overlay-opacity":"","overlay-gradient":""},"tablet":{"background-color":"var(--ast-global-color-5)","background-image":"","background-repeat":"repeat","background-position":"center center","background-size":"auto","background-attachment":"scroll","background-type":"","background-media":"","overlay-type":"","overlay-color":"","overlay-opacity":"","overlay-gradient":""},"mobile":{"background-color":"var(--ast-global-color-5)","background-image":"","background-repeat":"repeat","background-position":"center center","background-size":"auto","background-attachment":"scroll","background-type":"","background-media":"","overlay-type":"","overlay-color":"","overlay-opacity":"","overlay-gradient":""}},"footnotes":""},"categories":[22,11],"tags":[],"class_list":["post-1143","post","type-post","status-publish","format-standard","has-post-thumbnail","hentry","category-poduzetnicka-akademija-mladih","category-tesla-i-mi"],"_links":{"self":[{"href":"http:\/\/udruga-poduzetni.hr\/en\/wp-json\/wp\/v2\/posts\/1143","targetHints":{"allow":["GET"]}}],"collection":[{"href":"http:\/\/udruga-poduzetni.hr\/en\/wp-json\/wp\/v2\/posts"}],"about":[{"href":"http:\/\/udruga-poduzetni.hr\/en\/wp-json\/wp\/v2\/types\/post"}],"author":[{"embeddable":true,"href":"http:\/\/udruga-poduzetni.hr\/en\/wp-json\/wp\/v2\/users\/5"}],"replies":[{"embeddable":true,"href":"http:\/\/udruga-poduzetni.hr\/en\/wp-json\/wp\/v2\/comments?post=1143"}],"version-history":[{"count":0,"href":"http:\/\/udruga-poduzetni.hr\/en\/wp-json\/wp\/v2\/posts\/1143\/revisions"}],"wp:featuredmedia":[{"embeddable":true,"href":"http:\/\/udruga-poduzetni.hr\/en\/wp-json\/wp\/v2\/media\/1145"}],"wp:attachment":[{"href":"http:\/\/udruga-poduzetni.hr\/en\/wp-json\/wp\/v2\/media?parent=1143"}],"wp:term":[{"taxonomy":"category","embeddable":true,"href":"http:\/\/udruga-poduzetni.hr\/en\/wp-json\/wp\/v2\/categories?post=1143"},{"taxonomy":"post_tag","embeddable":true,"href":"http:\/\/udruga-poduzetni.hr\/en\/wp-json\/wp\/v2\/tags?post=1143"}],"curies":[{"name":"wp","href":"https:\/\/api.w.org\/{rel}","templated":true}]}}