{"id":1121,"date":"2020-11-29T15:32:02","date_gmt":"2020-11-29T15:32:02","guid":{"rendered":"http:\/\/udruga-poduzetni.ebus.hr\/?p=1121"},"modified":"2020-11-29T15:32:03","modified_gmt":"2020-11-29T15:32:03","slug":"o-nikoli-tesli","status":"publish","type":"post","link":"http:\/\/udruga-poduzetni.hr\/en\/o-nikoli-tesli\/","title":{"rendered":"O NIKOLI TESLI"},"content":{"rendered":"<p>\u201e<em>Ono \u0161to me vodi u svemu \u0161to radim jest \u017eelja zauzdati sile prirode u slu\u017ebi \u010dovje\u010danstva.\u201c<br><\/em>&#8211; Nikola Tesla<\/p>\n\n\n\n<p>Najve\u0107i izumitelj svih vremena, Nikola Tesla ro\u0111en je 1856. godine u malom selu Smiljan u Lici. To je bio po\u010detak njegova velikog putovanja do kreacije svijeta kakvim ga danas poznajemo. Gospi\u0107 je bio druga prekretnica, a zatim Karlovac u kojemu su Teslina inspiracija bili znanje i ideje njegova u\u010ditelja Martina Sekuli\u0107a.<\/p>\n\n\n\n<p>Teslin kamp gradimo na jakom utjecaju ove regije koja je oblikovala Teslin rad i sav utjecaj koji su prirodna dobra imala na njegove ideje. \u017divot je Teslu odveo u gradove poput Graca, Maribora, Praga, Budimpe\u0161te, Pariza, Strasbourga i New Yorka. U kasnijem dijelu \u017eivota posjetio je i London, Zagreb i Beograd gdje je prezentirao svoje izume i ponudio novi koncept \u017eivota. Internacionalni utjecaj koji je svojevremeno imao, uz globalni utjecaj koji se i danas osje\u0107a, biti \u0107e reflektirani u misiji kampa da se okrene prema internacionalnoj razmjeni ideja i znanja o razli\u010ditim kulturama.<\/p>\n\n\n\n<p>Iako je 1943. godine preminuo u New Yorku, Tesla je otvorio put za modernu tehnologiju. Neki od preko 700 izuma i 200 patenata, uklju\u010duju\u0107i prve elektrane, gradsko osvjetljenje, radio, teleautomaton i be\u017ei\u010dni prijenos energije, zapo\u010deli su ba\u0161 ovdje. Na\u0161a je nada da \u0107e mnoge nove ideje i patenti ponovo proiza\u0107i iz ove regije.<\/p>\n\n\n\n<p>\u201e<em>\u017divot je i uvijek \u0107e ostati jednad\u017eba bez rje\u0161enja, iako sadr\u017ei neke poznate \u010dinjenice.<\/em>\u201c<br>&#8211; Nikola Tesla<\/p>","protected":false},"excerpt":{"rendered":"<p>\u201eOno \u0161to me vodi u svemu \u0161to radim jest \u017eelja zauzdati sile prirode u slu\u017ebi \u010dovje\u010danstva.\u201c&#8211; Nikola Tesla Najve\u0107i izumitelj svih vremena, Nikola Tesla ro\u0111en je 1856. godine u malom selu Smiljan u Lici. To je bio po\u010detak njegova velikog putovanja do kreacije svijeta kakvim ga danas poznajemo. Gospi\u0107 je bio druga prekretnica, a zatim [&hellip;]<\/p>","protected":false},"author":5,"featured_media":1123,"comment_status":"open","ping_status":"open","sticky":false,"template":"","format":"standard","meta":{"site-sidebar-layout":"default","site-content-layout":"default","ast-site-content-layout":"default","site-content-style":"default","site-sidebar-style":"default","ast-global-header-display":"","ast-banner-title-visibility":"","ast-main-header-display":"","ast-hfb-above-header-display":"","ast-hfb-below-header-display":"","ast-hfb-mobile-header-display":"","site-post-title":"","ast-breadcrumbs-content":"","ast-featured-img":"","footer-sml-layout":"","theme-transparent-header-meta":"default","adv-header-id-meta":"","stick-header-meta":"","header-above-stick-meta":"","header-main-stick-meta":"","header-below-stick-meta":"","astra-migrate-meta-layouts":"default","ast-page-background-enabled":"default","ast-page-background-meta":{"desktop":{"background-color":"","background-image":"","background-repeat":"repeat","background-position":"center center","background-size":"auto","background-attachment":"scroll","background-type":"","background-media":"","overlay-type":"","overlay-color":"","overlay-opacity":"","overlay-gradient":""},"tablet":{"background-color":"","background-image":"","background-repeat":"repeat","background-position":"center center","background-size":"auto","background-attachment":"scroll","background-type":"","background-media":"","overlay-type":"","overlay-color":"","overlay-opacity":"","overlay-gradient":""},"mobile":{"background-color":"","background-image":"","background-repeat":"repeat","background-position":"center center","background-size":"auto","background-attachment":"scroll","background-type":"","background-media":"","overlay-type":"","overlay-color":"","overlay-opacity":"","overlay-gradient":""}},"ast-content-background-meta":{"desktop":{"background-color":"var(--ast-global-color-5)","background-image":"","background-repeat":"repeat","background-position":"center center","background-size":"auto","background-attachment":"scroll","background-type":"","background-media":"","overlay-type":"","overlay-color":"","overlay-opacity":"","overlay-gradient":""},"tablet":{"background-color":"var(--ast-global-color-5)","background-image":"","background-repeat":"repeat","background-position":"center center","background-size":"auto","background-attachment":"scroll","background-type":"","background-media":"","overlay-type":"","overlay-color":"","overlay-opacity":"","overlay-gradient":""},"mobile":{"background-color":"var(--ast-global-color-5)","background-image":"","background-repeat":"repeat","background-position":"center center","background-size":"auto","background-attachment":"scroll","background-type":"","background-media":"","overlay-type":"","overlay-color":"","overlay-opacity":"","overlay-gradient":""}},"footnotes":""},"categories":[22,11],"tags":[],"class_list":["post-1121","post","type-post","status-publish","format-standard","has-post-thumbnail","hentry","category-poduzetnicka-akademija-mladih","category-tesla-i-mi"],"_links":{"self":[{"href":"http:\/\/udruga-poduzetni.hr\/en\/wp-json\/wp\/v2\/posts\/1121","targetHints":{"allow":["GET"]}}],"collection":[{"href":"http:\/\/udruga-poduzetni.hr\/en\/wp-json\/wp\/v2\/posts"}],"about":[{"href":"http:\/\/udruga-poduzetni.hr\/en\/wp-json\/wp\/v2\/types\/post"}],"author":[{"embeddable":true,"href":"http:\/\/udruga-poduzetni.hr\/en\/wp-json\/wp\/v2\/users\/5"}],"replies":[{"embeddable":true,"href":"http:\/\/udruga-poduzetni.hr\/en\/wp-json\/wp\/v2\/comments?post=1121"}],"version-history":[{"count":0,"href":"http:\/\/udruga-poduzetni.hr\/en\/wp-json\/wp\/v2\/posts\/1121\/revisions"}],"wp:featuredmedia":[{"embeddable":true,"href":"http:\/\/udruga-poduzetni.hr\/en\/wp-json\/wp\/v2\/media\/1123"}],"wp:attachment":[{"href":"http:\/\/udruga-poduzetni.hr\/en\/wp-json\/wp\/v2\/media?parent=1121"}],"wp:term":[{"taxonomy":"category","embeddable":true,"href":"http:\/\/udruga-poduzetni.hr\/en\/wp-json\/wp\/v2\/categories?post=1121"},{"taxonomy":"post_tag","embeddable":true,"href":"http:\/\/udruga-poduzetni.hr\/en\/wp-json\/wp\/v2\/tags?post=1121"}],"curies":[{"name":"wp","href":"https:\/\/api.w.org\/{rel}","templated":true}]}}