{"id":1104,"date":"2020-11-29T15:29:49","date_gmt":"2020-11-29T15:29:49","guid":{"rendered":"http:\/\/udruga-poduzetni.ebus.hr\/?p=1104"},"modified":"2020-11-29T15:37:04","modified_gmt":"2020-11-29T15:37:04","slug":"odrzan-okrugli-stol-na-temu-tesla-i-mi-primjena-europskih-praksi-u-digitalizaciji-lokalne-uprave","status":"publish","type":"post","link":"http:\/\/udruga-poduzetni.hr\/en\/odrzan-okrugli-stol-na-temu-tesla-i-mi-primjena-europskih-praksi-u-digitalizaciji-lokalne-uprave\/","title":{"rendered":"ODR\u017dAN OKRUGLI STOL NA TEMU \u201eTESLA I MI- PRIMJENA EUROPSKIH PRAKSI U DIGITALIZACIJI LOKALNE UPRAVE\u201c"},"content":{"rendered":"<p>Povodom obilje\u017eavanja 164.&nbsp; obljetnice ro\u0111enja Nikole Tesle gradona\u010delnik Grada Gospi\u0107a Karlo Star\u010devi\u0107 danas je u svom uredu organizirao Okrugli stol na temu \u201eTesla i mi \u2013 Primjena europskih praksi u digitalizaciji lokalne uprave\u201c .<\/p>\n\n\n\n<p>Okruglom stolu uz gradona\u010delnika&nbsp; prisustvovali su dr. sc. Vitomir Tafra, znanstveni savjetnik za cjelo\u017eivotno&nbsp; obrazovanje, dr.sc. Branko Pavlovi\u0107, urednik stru\u010dnog \u010dasopisa \u201eSuvremena trgovina\u201c, dr.sc. Ivica Katavi\u0107,&nbsp; dekan Europske poslovne&nbsp; \u0161kole Zagreb,&nbsp; Fran Po\u0161tenjak \u2013 poslovni savjetnik&nbsp; Arbo Smart, tvrtke za upravljanje zelenom infrastrukturom, Goran Ranogajec,&nbsp; Callidus grupa d.o.o., Damjan Budisavljevi\u0107, inovator&nbsp; te&nbsp; Milan Filipovi\u0107&nbsp; koji je ujedno bio moderator okruglog stola.<\/p>\n\n\n\n<p>U uvodnom dijelu prisutne je pozdravio gradona\u010delnik, a u nastavku svoje prezentacije odr\u017eali su Fran Po\u0161tenjak, Branko Pavlovi\u0107, Goran Ranogajec i Vitomir Tafra.<\/p>\n\n\n\n<p>Gradona\u010delnik je ovom prigodom predstavio Projekt razvoja infrastrukture \u0161irokopojasnog pristupa za podru\u010dje Grada Gospi\u0107a.&nbsp; Grad Gospi\u0107 nositelj je ovog&nbsp; projekta (uz Grad Oto\u010dac i Op\u0107inu Plitvi\u010dka jezera koji sudjeluju u projektu) a za njegovu provedbu odobrena su mu&nbsp; financijska sredstva u maksimalnom iznosu od 75.091.365,14 kn. Ukupna vrijednost ovog projekta iznosi&nbsp; 98. 233. 814,40 kn (s PDV-om) .&nbsp; S ponosom je&nbsp; istaknuo kako je ovo jedan od financijski najvrjednijih projekata financiranih sredstvima EU u Gradu Gospi\u0107u u posljednjih nekoliko desetlje\u0107a. \u201eOvaj projekt rezultat je dugotrajnog i vrijednog rada koji je zapo\u010deo u srpnju 2017. god., a obuhva\u0107a implementaciju nepokretne \u0161irokopojasne pristupne mre\u017ee sljede\u0107e generacije (NGA) brzine od 100 Mbit\/s na podru\u010djima svih naselja Grada Gospi\u0107a, Grada Oto\u010dca i Op\u0107ine Plitvi\u010dka&nbsp; Jezera na kojima trenutno nisu dostupne usluge \u0161irokopojasnog pristupa velikih brzina, odnosno na podru\u010djima na kojima operatori u sljede\u0107e tri godine ne planiraju ulaganja u nepokretne \u0161irokopojasne pristupne mre\u017ee sljede\u0107e generacije.&nbsp; Drugim rije\u010dima, svako na\u0161e selo i zaselak imati \u0107e pristup mre\u017ei i to velike brzine.\u201c- rekao je&nbsp; gradona\u010delnik Karlo Star\u010devi\u0107.<\/p>\n\n\n\n<p>S obzirom da \u0107e implementacija projekta trajati do kraja 2023. godine Grad Gospi\u0107 \u0107e kroz navedeno razdoblje raditi na \u010ditavom nizu aktivnosti kojima \u0107e doprinijeti razvoju i primjeni suvremenih tehnologija s ciljem pove\u0107anja privla\u010dnosti Grada Gospi\u0107a kao po\u017eeljne investicijske sredine te&nbsp; na&nbsp; implementaciji europskih praksi u digitalizaciji lokalne uprave. Upravo s tom namjerom organizirao se i ovaj Okrugli stol na samu obljetnicu ro\u0111enja Nikole Tesle \u2013 ro\u0111enog u malom Smiljanu&nbsp; nedaleko Gospi\u0107, a \u010dije su velike ideje preto\u010dene u djela trajno promijenile put razvoja \u010ditavog \u010dovje\u010danstva. Zaklju\u010dak ovog okruglog stola upravo je da \u0107e se realizacijom projekta \u0161irokopojasnog interneta Gospi\u0107u otvoriti vrata za kori\u0161tenje naprednih tehnologija poput moderne senzorike, PLC tehnologija i modernih upravlja\u010dkih softverskih programa.<\/p>","protected":false},"excerpt":{"rendered":"<p>Povodom obilje\u017eavanja 164.&nbsp; obljetnice ro\u0111enja Nikole Tesle gradona\u010delnik Grada Gospi\u0107a Karlo Star\u010devi\u0107 danas je u svom uredu organizirao Okrugli stol na temu \u201eTesla i mi \u2013 Primjena europskih praksi u digitalizaciji lokalne uprave\u201c . Okruglom stolu uz gradona\u010delnika&nbsp; prisustvovali su dr. sc. Vitomir Tafra, znanstveni savjetnik za cjelo\u017eivotno&nbsp; obrazovanje, dr.sc. Branko Pavlovi\u0107, urednik stru\u010dnog \u010dasopisa [&hellip;]<\/p>","protected":false},"author":5,"featured_media":1108,"comment_status":"open","ping_status":"open","sticky":false,"template":"","format":"standard","meta":{"site-sidebar-layout":"default","site-content-layout":"default","ast-site-content-layout":"default","site-content-style":"default","site-sidebar-style":"default","ast-global-header-display":"","ast-banner-title-visibility":"","ast-main-header-display":"","ast-hfb-above-header-display":"","ast-hfb-below-header-display":"","ast-hfb-mobile-header-display":"","site-post-title":"","ast-breadcrumbs-content":"","ast-featured-img":"","footer-sml-layout":"","theme-transparent-header-meta":"default","adv-header-id-meta":"","stick-header-meta":"","header-above-stick-meta":"","header-main-stick-meta":"","header-below-stick-meta":"","astra-migrate-meta-layouts":"default","ast-page-background-enabled":"default","ast-page-background-meta":{"desktop":{"background-color":"","background-image":"","background-repeat":"repeat","background-position":"center center","background-size":"auto","background-attachment":"scroll","background-type":"","background-media":"","overlay-type":"","overlay-color":"","overlay-opacity":"","overlay-gradient":""},"tablet":{"background-color":"","background-image":"","background-repeat":"repeat","background-position":"center center","background-size":"auto","background-attachment":"scroll","background-type":"","background-media":"","overlay-type":"","overlay-color":"","overlay-opacity":"","overlay-gradient":""},"mobile":{"background-color":"","background-image":"","background-repeat":"repeat","background-position":"center center","background-size":"auto","background-attachment":"scroll","background-type":"","background-media":"","overlay-type":"","overlay-color":"","overlay-opacity":"","overlay-gradient":""}},"ast-content-background-meta":{"desktop":{"background-color":"var(--ast-global-color-5)","background-image":"","background-repeat":"repeat","background-position":"center center","background-size":"auto","background-attachment":"scroll","background-type":"","background-media":"","overlay-type":"","overlay-color":"","overlay-opacity":"","overlay-gradient":""},"tablet":{"background-color":"var(--ast-global-color-5)","background-image":"","background-repeat":"repeat","background-position":"center center","background-size":"auto","background-attachment":"scroll","background-type":"","background-media":"","overlay-type":"","overlay-color":"","overlay-opacity":"","overlay-gradient":""},"mobile":{"background-color":"var(--ast-global-color-5)","background-image":"","background-repeat":"repeat","background-position":"center center","background-size":"auto","background-attachment":"scroll","background-type":"","background-media":"","overlay-type":"","overlay-color":"","overlay-opacity":"","overlay-gradient":""}},"footnotes":""},"categories":[11],"tags":[],"class_list":["post-1104","post","type-post","status-publish","format-standard","has-post-thumbnail","hentry","category-tesla-i-mi"],"_links":{"self":[{"href":"http:\/\/udruga-poduzetni.hr\/en\/wp-json\/wp\/v2\/posts\/1104","targetHints":{"allow":["GET"]}}],"collection":[{"href":"http:\/\/udruga-poduzetni.hr\/en\/wp-json\/wp\/v2\/posts"}],"about":[{"href":"http:\/\/udruga-poduzetni.hr\/en\/wp-json\/wp\/v2\/types\/post"}],"author":[{"embeddable":true,"href":"http:\/\/udruga-poduzetni.hr\/en\/wp-json\/wp\/v2\/users\/5"}],"replies":[{"embeddable":true,"href":"http:\/\/udruga-poduzetni.hr\/en\/wp-json\/wp\/v2\/comments?post=1104"}],"version-history":[{"count":0,"href":"http:\/\/udruga-poduzetni.hr\/en\/wp-json\/wp\/v2\/posts\/1104\/revisions"}],"wp:featuredmedia":[{"embeddable":true,"href":"http:\/\/udruga-poduzetni.hr\/en\/wp-json\/wp\/v2\/media\/1108"}],"wp:attachment":[{"href":"http:\/\/udruga-poduzetni.hr\/en\/wp-json\/wp\/v2\/media?parent=1104"}],"wp:term":[{"taxonomy":"category","embeddable":true,"href":"http:\/\/udruga-poduzetni.hr\/en\/wp-json\/wp\/v2\/categories?post=1104"},{"taxonomy":"post_tag","embeddable":true,"href":"http:\/\/udruga-poduzetni.hr\/en\/wp-json\/wp\/v2\/tags?post=1104"}],"curies":[{"name":"wp","href":"https:\/\/api.w.org\/{rel}","templated":true}]}}