{"id":1058,"date":"2020-11-29T15:20:02","date_gmt":"2020-11-29T15:20:02","guid":{"rendered":"http:\/\/udruga-poduzetni.ebus.hr\/?p=1058"},"modified":"2020-11-29T15:37:40","modified_gmt":"2020-11-29T15:37:40","slug":"organiziramo-prvi-online-a-18-medunarodni-sajam-vjezbenickih-tvrtki","status":"publish","type":"post","link":"http:\/\/udruga-poduzetni.hr\/en\/organiziramo-prvi-online-a-18-medunarodni-sajam-vjezbenickih-tvrtki\/","title":{"rendered":"ORGANIZIRAMO PRVI ONLINE, A 18. ME\u0110UNARODNI SAJAM VJE\u017dBENI\u010cKIH TVRTKI"},"content":{"rendered":"<p>7. travnja zaklju\u010dene su prijave i registracije za <strong>18. Me\u0111unarodni sajam vje\u017ebeni\u010dkih tvrtki<\/strong>. Zbog aktualne dru&scaron;tvene situacije sajam je preba\u010den u online okru\u017eenje &scaron;to \u0107e biti posebno izazovno, ali i atraktivno za u\u010denike i nastavnike. Finale natjecanja bit \u0107e u srijedu 8.travnja 2020. te \u0107e tada biti i objava pobjednika u kategorijama kao i ukupnog pobjednika sajma.<\/p>\n<p>&nbsp;<\/p>\n<p><strong><span style=\"text-decoration: underline;\">Naziv vje\u017ebeni\u010dke tvrtke<\/span><\/strong>&nbsp;&nbsp;&nbsp;&nbsp;&nbsp;&nbsp;&nbsp;&nbsp;&nbsp;&nbsp;&nbsp;&nbsp;&nbsp;&nbsp;&nbsp;&nbsp;&nbsp;&nbsp;&nbsp;&nbsp;&nbsp;&nbsp;&nbsp;&nbsp;&nbsp;&nbsp;&nbsp;&nbsp;&nbsp;&nbsp;&nbsp;&nbsp;&nbsp; <strong><span style=\"text-decoration: underline;\">Naziv &scaron;kole<\/span><\/strong><\/p>\n<p>1. &bdquo;Dermis&ldquo;&nbsp; &nbsp; &nbsp; &nbsp; &nbsp; &nbsp; &nbsp; &nbsp; &nbsp; &nbsp; &nbsp; &nbsp; &nbsp; &nbsp; &nbsp; &nbsp; &nbsp; &nbsp; &nbsp; &nbsp; &nbsp; Srednja &scaron;kola Tina Ujevi\u0107a Vrgorac<\/p>\n<p>2. &bdquo;Lux Candle&ldquo;&nbsp; &nbsp; &nbsp; &nbsp; &nbsp; &nbsp; &nbsp; &nbsp; &nbsp; &nbsp; &nbsp; &nbsp; &nbsp; &nbsp; &nbsp; &nbsp; &nbsp; &nbsp; &nbsp; &nbsp; Gospodarska &scaron;kola Vara\u017edin<\/p>\n<p>3. &bdquo;Medolus d.o.o.&ldquo;&nbsp; &nbsp; &nbsp; &nbsp; &nbsp; &nbsp; &nbsp; &nbsp; &nbsp; &nbsp; &nbsp; &nbsp; &nbsp; &nbsp; &nbsp; &nbsp; &nbsp; &nbsp;Gospodarska &scaron;kola Vara\u017edin<\/p>\n<p>4. &bdquo;KENKO d.o.o.&ldquo;&nbsp; &nbsp; &nbsp; &nbsp; &nbsp; &nbsp; &nbsp; &nbsp; &nbsp; &nbsp; &nbsp; &nbsp; &nbsp; &nbsp; &nbsp; &nbsp; &nbsp; &nbsp; &nbsp; &nbsp; &nbsp; Srednja &scaron;kola Prelog<\/p>\n<p>5. &bdquo;Bageli d.o.o.&ldquo;&nbsp; &nbsp; &nbsp; &nbsp; &nbsp; &nbsp; &nbsp; &nbsp; &nbsp; &nbsp; &nbsp; &nbsp; &nbsp; &nbsp; &nbsp; &nbsp; &nbsp; &nbsp; &nbsp; &nbsp; Ekonomska &scaron;kola Po\u017eega<\/p>\n<p>6. &bdquo;VT Libro d.o.o.&ldquo;&nbsp; &nbsp; &nbsp; &nbsp; &nbsp; &nbsp; &nbsp; &nbsp; &nbsp; &nbsp; &nbsp; &nbsp; &nbsp; &nbsp; &nbsp; &nbsp; &nbsp; &nbsp; Ekonomska &scaron;kola Po\u017eega<\/p>\n<p>7. &bdquo;LOLI DEKORACIJE d.o.o.&ldquo;&nbsp; &nbsp; &nbsp; &nbsp; &nbsp; &nbsp; &nbsp; &nbsp; &nbsp; &nbsp; Srednja &scaron;kola Novska&nbsp;&nbsp;&nbsp;&nbsp;&nbsp;&nbsp;&nbsp;&nbsp;&nbsp;<\/p>\n<p>8. &bdquo;Nota d.o.o.&ldquo;&nbsp; &nbsp; &nbsp; &nbsp; &nbsp; &nbsp; &nbsp; &nbsp; &nbsp; &nbsp; &nbsp; &nbsp; &nbsp; &nbsp; &nbsp; &nbsp; &nbsp; &nbsp; &nbsp; &nbsp; &nbsp; &nbsp; Srednja &scaron;kola Novska<\/p>\n<p>9. &bdquo;VRIJEDNE RUKE&ldquo; d.o.o.&nbsp; &nbsp; &nbsp; &nbsp; &nbsp; &nbsp; &nbsp; &nbsp; &nbsp; &nbsp; &nbsp; &nbsp;Srednja &scaron;kola Novska<\/p>\n<p>10. &bdquo;CROpe&ldquo;&nbsp; &nbsp; &nbsp; &nbsp; &nbsp; &nbsp; &nbsp; &nbsp; &nbsp; &nbsp; &nbsp; &nbsp; &nbsp; &nbsp; &nbsp; &nbsp; &nbsp; &nbsp; &nbsp; &nbsp; &nbsp; &nbsp; &nbsp; Srednja &scaron;kola Dugo Selo<\/p>\n<p>11. &bdquo;ViteDiGrano&ldquo;&nbsp;&nbsp;&nbsp;&nbsp;&nbsp;&nbsp;&nbsp;&nbsp;&nbsp;&nbsp;&nbsp;&nbsp;&nbsp;&nbsp;&nbsp;&nbsp;&nbsp;&nbsp;&nbsp;&nbsp;&nbsp;&nbsp;&nbsp;&nbsp;&nbsp;&nbsp;&nbsp;&nbsp;&nbsp;&nbsp; &nbsp;&nbsp;&nbsp;&nbsp;&nbsp;&nbsp;&nbsp; Srednja &scaron;kola Dugo Selo<\/p>\n<p>12. &bdquo;Break Point Cofee&ldquo;&nbsp;&nbsp;&nbsp;&nbsp;&nbsp;&nbsp;&nbsp;&nbsp;&nbsp;&nbsp;&nbsp;&nbsp;&nbsp;&nbsp;&nbsp;&nbsp;&nbsp;&nbsp;&nbsp;&nbsp;&nbsp;&nbsp;&nbsp;&nbsp;&nbsp;&nbsp;&nbsp;&nbsp;&nbsp;&nbsp; Srednja &scaron;kola Valpovo<\/p>\n<p>13. &bdquo;VT KLIMKO-TECH d.o.o.&ldquo;&nbsp; &nbsp; &nbsp; &nbsp; &nbsp; &nbsp; &nbsp; &nbsp; &nbsp; &nbsp; Srednja &scaron;kola Valpovo<\/p>\n<p>14. &bdquo;Crofig d.o.o.&ldquo;&nbsp; &nbsp; &nbsp; &nbsp; &nbsp; &nbsp; &nbsp; &nbsp; &nbsp; &nbsp; &nbsp; &nbsp; &nbsp; &nbsp; &nbsp; &nbsp; &nbsp; &nbsp; Srednja &scaron;kola Hrvatski kralj&nbsp;&nbsp;&nbsp;&nbsp;&nbsp;&nbsp;&nbsp;<\/p>\n<p>&nbsp; &nbsp; &nbsp; &nbsp; &nbsp; &nbsp; &nbsp; &nbsp; &nbsp; &nbsp; &nbsp; &nbsp; &nbsp; &nbsp; &nbsp; &nbsp; &nbsp; &nbsp; &nbsp; &nbsp; &nbsp; &nbsp; &nbsp; &nbsp; &nbsp; &nbsp; &nbsp; &nbsp; &nbsp; &nbsp; &nbsp; &nbsp; &nbsp; &nbsp; &nbsp; &nbsp; &nbsp; Zvonimir Krk<\/p>\n<p>15. &bdquo;Pekara Slanac&ldquo;&nbsp; &nbsp; &nbsp; &nbsp; &nbsp; &nbsp; &nbsp; &nbsp; &nbsp; &nbsp; &nbsp; &nbsp; &nbsp; &nbsp; &nbsp; &nbsp; &nbsp; Strukovna &scaron;kola Virovitica&nbsp;&nbsp;&nbsp;&nbsp;&nbsp;&nbsp;&nbsp;&nbsp;&nbsp;&nbsp;&nbsp; &nbsp;&nbsp;&nbsp;&nbsp;&nbsp;&nbsp;&nbsp;<\/p>\n<p>16 &bdquo;Dallas d.o.o.&ldquo;&nbsp; &nbsp; &nbsp; &nbsp; &nbsp; &nbsp; &nbsp; &nbsp; &nbsp; &nbsp; &nbsp; &nbsp; &nbsp; &nbsp; &nbsp; &nbsp; &nbsp; &nbsp; &nbsp; Strukovna &scaron;kola Virovitica<\/p>\n<p>17. &bdquo;Sport Planet d.o.o.&ldquo;&nbsp; &nbsp; &nbsp; &nbsp; &nbsp; &nbsp; &nbsp; &nbsp; &nbsp; &nbsp; &nbsp; &nbsp; &nbsp; &nbsp;Strukovna &scaron;kola Virovitica<\/p>\n<p>18. &bdquo;VT Klik d.o.o.&ldquo;&nbsp; &nbsp; &nbsp; &nbsp; &nbsp; &nbsp; &nbsp; &nbsp; &nbsp; &nbsp; &nbsp; &nbsp; &nbsp; &nbsp; &nbsp; &nbsp;Srednja &scaron;kola Zvane \u010crnje, Rovinj<\/p>\n<p>19. &bdquo;VT Nativis d.o.o.&ldquo;&nbsp; &nbsp; &nbsp; &nbsp; &nbsp; &nbsp; &nbsp; &nbsp; &nbsp; &nbsp; &nbsp; &nbsp; &nbsp; Srednja &scaron;kola Zvane \u010crnje Rovinj<\/p>\n<p>20. &bdquo;Hydra d.d.&ldquo;&nbsp; &nbsp; &nbsp; &nbsp; &nbsp; &nbsp; &nbsp; &nbsp; &nbsp; &nbsp; &nbsp; &nbsp; &nbsp; &nbsp; &nbsp; &nbsp; &nbsp; &nbsp; &nbsp;Privatna gimnazija i ekonomska<\/p>\n<p>&nbsp; &nbsp; &nbsp; &nbsp; &nbsp; &nbsp; &nbsp; &nbsp; &nbsp; &nbsp; &nbsp; &nbsp; &nbsp; &nbsp; &nbsp; &nbsp; &nbsp; &nbsp; &nbsp; &nbsp; &nbsp; &nbsp; &nbsp; &nbsp; &nbsp; &nbsp; &nbsp; &nbsp; &nbsp; &nbsp; &nbsp; &nbsp; &nbsp; &nbsp; &nbsp; &scaron;kola Katarina Zrinski<\/p>\n<p>21. &bdquo;Crofood d.d.&ldquo;&nbsp;&nbsp;&nbsp;&nbsp;&nbsp;&nbsp;&nbsp;&nbsp;&nbsp;&nbsp;&nbsp;&nbsp;&nbsp;&nbsp;&nbsp;&nbsp;&nbsp;&nbsp;&nbsp;&nbsp;&nbsp;&nbsp;&nbsp;&nbsp;&nbsp;&nbsp;&nbsp;&nbsp;&nbsp;&nbsp; Privatna gimnazija i ekonomska<\/p>\n<p>&nbsp; &nbsp; &nbsp; &nbsp; &nbsp; &nbsp; &nbsp; &nbsp; &nbsp; &nbsp; &nbsp; &nbsp; &nbsp; &nbsp; &nbsp; &nbsp; &nbsp; &nbsp; &nbsp; &nbsp; &nbsp; &nbsp; &nbsp; &nbsp; &nbsp; &nbsp; &nbsp; &nbsp; &nbsp; &nbsp; &nbsp; &nbsp; &nbsp; &nbsp; &nbsp;&scaron;kola Katarina Zrinski<\/p>\n<p>&nbsp;<\/p>\n<p>&nbsp;<\/p>\n<p>&nbsp;<\/p>\n<p>Popis sudionika koji su izradili video uradak kao i popis sudionika koji \u0107e pristupiti sajmu 8. travnja mo\u017eete pogledati upravo ovdje:<\/p>\n<p>&nbsp;<\/p>\n<p>&nbsp;<\/p>\n<p align=\"center\">&ldquo;LOLI DEKORACIJE d.o.o&rdquo; Srednja &scaron;kola Novska<\/p>\n<p align=\"center\">&nbsp;<\/p>\n<p><iframe src=\"https:\/\/www.youtube.com\/embed\/RGBd1pOB-5Y\" frameborder=\"0\" width=\"560\" height=\"315\"><\/iframe><\/p>\n<p align=\"center\">&nbsp;<\/p>\n<p align=\"center\">&nbsp;<\/p>\n<p align=\"center\">&nbsp;&ldquo;VRIJEDNE RUKE d.o.o. Srednja &scaron;kola Novska<\/p>\n<p align=\"center\">&nbsp;<\/p>\n<p><iframe src=\"https:\/\/www.youtube.com\/embed\/NNTuPsx2c7k\" frameborder=\"0\" width=\"560\" height=\"315\"><\/iframe><\/p>\n<p align=\"center\">&nbsp;<\/p>\n<p align=\"center\">&nbsp;<\/p>\n<p align=\"center\">&nbsp;&ldquo;Nota d.o.o.&rdquo; Srednja &scaron;kola Novska<\/p>\n<p align=\"center\">&nbsp;<\/p>\n<p><iframe src=\"https:\/\/www.youtube.com\/embed\/1ixWHIG6CEE\" frameborder=\"0\" width=\"560\" height=\"315\"><\/iframe><\/p>\n<p align=\"center\">&nbsp;<\/p>\n<p align=\"center\">&nbsp;<\/p>\n<p align=\"center\">&nbsp;&ldquo;Lux Candle d.o.o.&rdquo; Gospodarska &scaron;kola Vara\u017edin<\/p>\n<p align=\"center\">&nbsp;<\/p>\n<p><iframe src=\"https:\/\/www.youtube.com\/embed\/K3Kcog7neDo\" frameborder=\"0\" width=\"560\" height=\"315\"><\/iframe><\/p>\n<p align=\"center\">&nbsp;<\/p>\n<p align=\"center\">&nbsp;<\/p>\n<p align=\"center\">&nbsp;&ldquo;Medolus d.o.o.&rdquo; Gospodarska &scaron;kola Vara\u017edin<\/p>\n<p align=\"center\">&nbsp;<\/p>\n<p><iframe src=\"https:\/\/www.youtube.com\/embed\/aSVc0SVb-aQ\" frameborder=\"0\" width=\"560\" height=\"315\"><\/iframe><\/p>\n<p align=\"center\">&nbsp;<\/p>\n<p align=\"center\">&nbsp;<\/p>\n<p align=\"center\">&nbsp;&ldquo;Dermis&rdquo; Srednja &scaron;kola Tina Ujevi\u0107 Vrgorac<\/p>\n<p align=\"center\">&nbsp;<\/p>\n<p><iframe src=\"https:\/\/www.youtube.com\/embed\/tuwf7xN1Skw\" frameborder=\"0\" width=\"560\" height=\"315\"><\/iframe><\/p>\n<p align=\"center\">&nbsp;<\/p>\n<p align=\"center\">&nbsp;<\/p>\n<p align=\"center\">&nbsp;<\/p>\n<p align=\"center\">&nbsp;&ldquo;VT Libro d.o.o.&#8221; Ekonomska &scaron;kola Po\u017eega<\/p>\n<p><iframe src=\"https:\/\/www.youtube.com\/embed\/2AMQqod5HLE\" frameborder=\"0\" width=\"560\" height=\"315\"><\/iframe><\/p>\n<p align=\"center\"><span>&bdquo;Crofig d.o.o.&ldquo; Srednja &scaron;kola Hrvatski kralj&nbsp;<\/span><\/p>\n<p align=\"center\"><a href=\"https:\/\/drive.google.com\/file\/d\/1Xosz-NV5zsFC0CDg2R2svYz4AvlOrqur\/view\">POGLEDAJTE VIDEO<\/a><\/p>\n<p align=\"center\">&nbsp;&ldquo;VT Klik d.o.o.&rdquo; Srednja &scaron;kola Zvane \u010crnje Rovinj<\/p>\n<p align=\"center\"><a href=\"https:\/\/drive.google.com\/file\/d\/1qNP53qWQKyU5fqiZz9wmRJVhosrfJwv2\/view\">POGLEDAJ VIDEO<\/a><\/p>\n<p align=\"center\">&ldquo;VT Nativis d.o.o.&rdquo; Srednja &scaron;kola Zvane \u010crnje Rovinj<\/p>\n<p align=\"center\"><a href=\"https:\/\/drive.google.com\/file\/d\/1-xYjB9SDi4AyRIsn9LVGKcEpFf2luwDt\/view?usp=sharing\">POGLEDAJ VIDEO<\/a><\/p>\n<p align=\"center\">&ldquo;Dallas d.o.o.&rdquo; Strikovna &scaron;kola Virovitica<\/p>\n<p align=\"center\"><a href=\"https:\/\/drive.google.com\/open?id=17-n5fCP8mFswlIBNyiKYNuvTVTvQec3S\">POGLEDAJ VIDEO<\/a><\/p>\n<p align=\"center\">&ldquo;Sport Planet d.o.o.&rdquo; Strukovna &scaron;kola Virovitica<\/p>\n<p align=\"center\"><a href=\"https:\/\/drive.google.com\/open?id=1dt9p5gmcTF0IzBIpy47DqeMpoWPGDKzU\">POGLEDAJ VIDEO<\/a><\/p>\n<p align=\"center\">&#8220;KENKO d.o.o.&#8221; Srednja &scaron;kola Prelog<\/p>\n<p align=\"center\"><a href=\"https:\/\/drive.google.com\/file\/d\/1zBtmRQjmZtreajDh1jjtDmWMt58My0Gj\/view?usp=drive_web\">POGLEDAJ VIDEO<\/a><\/p>\n<p align=\"center\">&nbsp;<\/p>","protected":false},"excerpt":{"rendered":"<p>7. travnja zaklju\u010dene su prijave i registracije za 18. Me\u0111unarodni sajam vje\u017ebeni\u010dkih tvrtki. Zbog aktualne dru&scaron;tvene situacije sajam je preba\u010den u online okru\u017eenje &scaron;to \u0107e biti posebno izazovno, ali i atraktivno za u\u010denike i nastavnike. Finale natjecanja bit \u0107e u srijedu 8.travnja 2020. te \u0107e tada biti i objava pobjednika u kategorijama kao i ukupnog [&hellip;]<\/p>","protected":false},"author":5,"featured_media":1063,"comment_status":"open","ping_status":"open","sticky":false,"template":"","format":"standard","meta":{"site-sidebar-layout":"default","site-content-layout":"default","ast-site-content-layout":"default","site-content-style":"default","site-sidebar-style":"default","ast-global-header-display":"","ast-banner-title-visibility":"","ast-main-header-display":"","ast-hfb-above-header-display":"","ast-hfb-below-header-display":"","ast-hfb-mobile-header-display":"","site-post-title":"","ast-breadcrumbs-content":"","ast-featured-img":"","footer-sml-layout":"","theme-transparent-header-meta":"default","adv-header-id-meta":"","stick-header-meta":"","header-above-stick-meta":"","header-main-stick-meta":"","header-below-stick-meta":"","astra-migrate-meta-layouts":"default","ast-page-background-enabled":"default","ast-page-background-meta":{"desktop":{"background-color":"","background-image":"","background-repeat":"repeat","background-position":"center center","background-size":"auto","background-attachment":"scroll","background-type":"","background-media":"","overlay-type":"","overlay-color":"","overlay-opacity":"","overlay-gradient":""},"tablet":{"background-color":"","background-image":"","background-repeat":"repeat","background-position":"center center","background-size":"auto","background-attachment":"scroll","background-type":"","background-media":"","overlay-type":"","overlay-color":"","overlay-opacity":"","overlay-gradient":""},"mobile":{"background-color":"","background-image":"","background-repeat":"repeat","background-position":"center center","background-size":"auto","background-attachment":"scroll","background-type":"","background-media":"","overlay-type":"","overlay-color":"","overlay-opacity":"","overlay-gradient":""}},"ast-content-background-meta":{"desktop":{"background-color":"var(--ast-global-color-5)","background-image":"","background-repeat":"repeat","background-position":"center center","background-size":"auto","background-attachment":"scroll","background-type":"","background-media":"","overlay-type":"","overlay-color":"","overlay-opacity":"","overlay-gradient":""},"tablet":{"background-color":"var(--ast-global-color-5)","background-image":"","background-repeat":"repeat","background-position":"center center","background-size":"auto","background-attachment":"scroll","background-type":"","background-media":"","overlay-type":"","overlay-color":"","overlay-opacity":"","overlay-gradient":""},"mobile":{"background-color":"var(--ast-global-color-5)","background-image":"","background-repeat":"repeat","background-position":"center center","background-size":"auto","background-attachment":"scroll","background-type":"","background-media":"","overlay-type":"","overlay-color":"","overlay-opacity":"","overlay-gradient":""}},"footnotes":""},"categories":[26],"tags":[],"class_list":["post-1058","post","type-post","status-publish","format-standard","has-post-thumbnail","hentry","category-medunarodni-sajam-vjezbenickih-tvrtki"],"_links":{"self":[{"href":"http:\/\/udruga-poduzetni.hr\/en\/wp-json\/wp\/v2\/posts\/1058","targetHints":{"allow":["GET"]}}],"collection":[{"href":"http:\/\/udruga-poduzetni.hr\/en\/wp-json\/wp\/v2\/posts"}],"about":[{"href":"http:\/\/udruga-poduzetni.hr\/en\/wp-json\/wp\/v2\/types\/post"}],"author":[{"embeddable":true,"href":"http:\/\/udruga-poduzetni.hr\/en\/wp-json\/wp\/v2\/users\/5"}],"replies":[{"embeddable":true,"href":"http:\/\/udruga-poduzetni.hr\/en\/wp-json\/wp\/v2\/comments?post=1058"}],"version-history":[{"count":0,"href":"http:\/\/udruga-poduzetni.hr\/en\/wp-json\/wp\/v2\/posts\/1058\/revisions"}],"wp:featuredmedia":[{"embeddable":true,"href":"http:\/\/udruga-poduzetni.hr\/en\/wp-json\/wp\/v2\/media\/1063"}],"wp:attachment":[{"href":"http:\/\/udruga-poduzetni.hr\/en\/wp-json\/wp\/v2\/media?parent=1058"}],"wp:term":[{"taxonomy":"category","embeddable":true,"href":"http:\/\/udruga-poduzetni.hr\/en\/wp-json\/wp\/v2\/categories?post=1058"},{"taxonomy":"post_tag","embeddable":true,"href":"http:\/\/udruga-poduzetni.hr\/en\/wp-json\/wp\/v2\/tags?post=1058"}],"curies":[{"name":"wp","href":"https:\/\/api.w.org\/{rel}","templated":true}]}}